{"id":1768,"global_id":"www.fondationculturellebrebeuf.org?id=1768","global_id_lineage":["www.fondationculturellebrebeuf.org?id=1768"],"author":"5","status":"publish","date":"2025-08-16 10:41:25","date_utc":"2025-08-16 15:41:25","modified":"2025-11-02 11:29:45","modified_utc":"2025-11-02 16:29:45","url":"https:\/\/www.fondationculturellebrebeuf.org\/index.php\/event\/rencontre-avec-marcel-sabourin\/","rest_url":"https:\/\/www.fondationculturellebrebeuf.org\/index.php\/wp-json\/tribe\/events\/v1\/events\/1768","title":"RENCONTRE AVEC MARCEL SABOURIN","description":"<p style=\"font-weight: 400;\"><img loading=\"lazy\" decoding=\"async\" class=\"wp-image-1738 alignleft\" src=\"https:\/\/www.fondationculturellebrebeuf.org\/wp-content\/uploads\/2025\/08\/Marcel_Sabourin-200x300.jpg\" alt=\"\" width=\"155\" height=\"233\" srcset=\"https:\/\/www.fondationculturellebrebeuf.org\/wp-content\/uploads\/2025\/08\/Marcel_Sabourin-200x300.jpg 200w, https:\/\/www.fondationculturellebrebeuf.org\/wp-content\/uploads\/2025\/08\/Marcel_Sabourin.jpg 250w\" sizes=\"(max-width: 155px) 100vw, 155px\" \/>Marcel Sabourin a fortement marqu\u00e9 le paysage culturel qu\u00e9b\u00e9cois au cours de sa carri\u00e8re de plus de 60 ans comme acteur, sc\u00e9nariste, \u00e9crivain, improvisateur, po\u00e8te, parolier, animateur et professeur, et ce, tant au cin\u00e9ma que sur sc\u00e8ne, \u00e0 la t\u00e9l\u00e9vision et \u00e0 l\u2019\u00c9cole nationale de th\u00e9\u00e2tre. C\u2019est son personnage du professeur Mandibule dans <em>Les Croquignoles<\/em> et <em>La Ribouldingue<\/em> qui a propuls\u00e9 sa carri\u00e8re. Et il est devenu au fil des ans l\u2019un de nos acteurs les plus prolifiques. Pionnier du cin\u00e9ma qu\u00e9b\u00e9cois, il a interpr\u00e9t\u00e9 quantit\u00e9 de r\u00f4les sous la direction des cin\u00e9astes Arcand, Beaudin, Carle, Labrecque, Lefebvre et Mankiewicz. L\u2019un des plus marquants est assur\u00e9ment celui de Joseph-Albert dans <em>J. A. Martin, photographe<\/em>.<\/p>\n<p style=\"font-weight: 400;\"><strong>Jean St-Amant<\/strong> s\u2019entretiendra avec le formidable conteur qu\u2019est toujours Marcel Sabourin sur diverses facettes de sa riche carri\u00e8re.<\/p>\n<p><strong>Co\u00fbt, sans abonnement : 10 $<\/strong><\/p>\n<p><img loading=\"lazy\" decoding=\"async\" class=\"wp-image-2077 alignleft\" src=\"https:\/\/www.fondationculturellebrebeuf.org\/wp-content\/uploads\/2025\/11\/IMG_2876-300x197.jpeg\" alt=\"\" width=\"251\" height=\"164\" \/><img loading=\"lazy\" decoding=\"async\" class=\" wp-image-2076 alignleft\" src=\"https:\/\/www.fondationculturellebrebeuf.org\/wp-content\/uploads\/2025\/11\/IMG_0258-MarcelSabourin-300x225.jpeg\" alt=\"\" width=\"219\" height=\"164\" \/><\/p>\n<p><img loading=\"lazy\" decoding=\"async\" class=\" wp-image-2085\" src=\"https:\/\/www.fondationculturellebrebeuf.org\/wp-content\/uploads\/2025\/11\/IMG_2875-1-300x201.jpeg\" alt=\"\" width=\"243\" height=\"163\" \/><\/p>","excerpt":"","slug":"rencontre-avec-marcel-sabourin","image":false,"all_day":false,"start_date":"2025-10-27 13:30:00","start_date_details":{"year":"2025","month":"10","day":"27","hour":"13","minutes":"30","seconds":"00"},"end_date":"2025-10-27 15:30:00","end_date_details":{"year":"2025","month":"10","day":"27","hour":"15","minutes":"30","seconds":"00"},"utc_start_date":"2025-10-27 17:30:00","utc_start_date_details":{"year":"2025","month":"10","day":"27","hour":"17","minutes":"30","seconds":"00"},"utc_end_date":"2025-10-27 19:30:00","utc_end_date_details":{"year":"2025","month":"10","day":"27","hour":"19","minutes":"30","seconds":"00"},"timezone":"UTC-5","timezone_abbr":"UTC-5","cost":"","cost_details":{"currency_symbol":"","currency_code":"","currency_position":"","values":[]},"website":"","show_map":true,"show_map_link":true,"hide_from_listings":false,"sticky":false,"featured":false,"categories":[{"name":"Conf\u00e9rence","slug":"conference","term_group":0,"term_taxonomy_id":9,"taxonomy":"tribe_events_cat","description":"","parent":0,"count":51,"filter":"raw","id":9,"urls":{"self":"https:\/\/www.fondationculturellebrebeuf.org\/index.php\/wp-json\/tribe\/events\/v1\/categories\/9","collection":"https:\/\/www.fondationculturellebrebeuf.org\/index.php\/wp-json\/tribe\/events\/v1\/categories"}}],"tags":[],"venue":{"id":222,"author":"2","status":"publish","date":"2024-03-14 18:58:14","date_utc":"2024-03-14 18:58:14","modified":"2024-12-29 16:06:09","modified_utc":"2024-12-29 20:06:09","url":"https:\/\/www.fondationculturellebrebeuf.org\/index.php\/lieu\/salle-jacques-maurice\/","venue":"Salle Jacques-Maurice","slug":"salle-jacques-maurice","json_ld":{"@type":"Place","name":"Salle Jacques-Maurice","description":"","url":"","address":{"@type":"PostalAddress"},"telephone":"","sameAs":""},"show_map":false,"show_map_link":false,"global_id":"www.fondationculturellebrebeuf.org?id=222","global_id_lineage":["www.fondationculturellebrebeuf.org?id=222"]},"organizer":[],"custom_fields":[],"json_ld":{"@context":"http:\/\/schema.org","@type":"Event","name":"RENCONTRE AVEC MARCEL SABOURIN","description":"&lt;p&gt;Marcel Sabourin a fortement marqu\u00e9 le paysage culturel qu\u00e9b\u00e9cois au cours de sa carri\u00e8re de plus de 60 ans comme acteur, sc\u00e9nariste, \u00e9crivain, improvisateur, po\u00e8te, parolier, animateur et professeur, et [&hellip;]&lt;\/p&gt;\\n","url":"https:\/\/www.fondationculturellebrebeuf.org\/index.php\/event\/rencontre-avec-marcel-sabourin\/","eventAttendanceMode":"https:\/\/schema.org\/OfflineEventAttendanceMode","eventStatus":"https:\/\/schema.org\/EventScheduled","startDate":"2025-10-27T13:30:00-05:00","endDate":"2025-10-27T15:30:00-05:00","location":{"@type":"Place","name":"Salle Jacques-Maurice","description":"","url":"","address":{"@type":"PostalAddress"},"telephone":"","sameAs":""},"performer":"Organization"},"ticketed":false}