{"id":1836,"global_id":"www.fondationculturellebrebeuf.org?id=1836","global_id_lineage":["www.fondationculturellebrebeuf.org?id=1836"],"author":"5","status":"publish","date":"2025-08-16 10:55:35","date_utc":"2025-08-16 15:55:35","modified":"2025-08-16 10:55:35","modified_utc":"2025-08-16 15:55:35","url":"https:\/\/www.fondationculturellebrebeuf.org\/index.php\/event\/conference-publique-du-college-alain-roy-sur-donald-trump\/","rest_url":"https:\/\/www.fondationculturellebrebeuf.org\/index.php\/wp-json\/tribe\/events\/v1\/events\/1836","title":"Conf\u00e9rence publique du coll\u00e8ge &#8211; Alain Roy sur Donald Trump","description":"<p style=\"font-weight: 400;\"><strong>Cette conf\u00e9rence publique du coll\u00e8ge est ouverte \u00e0 toutes et tous. Elle se tiendra <\/strong><strong>\u00e0 la salle Jacques-Maurice <\/strong><strong>le mercredi, 24 septembre de 12 h 50 \u00e0 14 h 15.<\/strong><\/p>\n<p><strong>L\u2019\u00e9crivain Alain Roy<\/strong> parlera de son essai <em>Le cas Trump\u00a0: portrait d\u2019un imposteur <\/em>(\u00e9cosoci\u00e9t\u00e9, 2025)<em>. <\/em>On soulignera aussi le 25<sup>e<\/sup> anniversaire de la revue culturelle <em>l\u2019Inconv\u00e9nient<\/em> dont il est cofondateur.<\/p>","excerpt":"","slug":"conference-publique-du-college-alain-roy-sur-donald-trump","image":false,"all_day":false,"start_date":"2025-09-24 12:50:00","start_date_details":{"year":"2025","month":"09","day":"24","hour":"12","minutes":"50","seconds":"00"},"end_date":"2025-09-24 14:15:00","end_date_details":{"year":"2025","month":"09","day":"24","hour":"14","minutes":"15","seconds":"00"},"utc_start_date":"2025-09-24 16:50:00","utc_start_date_details":{"year":"2025","month":"09","day":"24","hour":"16","minutes":"50","seconds":"00"},"utc_end_date":"2025-09-24 18:15:00","utc_end_date_details":{"year":"2025","month":"09","day":"24","hour":"18","minutes":"15","seconds":"00"},"timezone":"UTC-5","timezone_abbr":"UTC-5","cost":"","cost_details":{"currency_symbol":"","currency_code":"","currency_position":"","values":[]},"website":"","show_map":true,"show_map_link":true,"hide_from_listings":false,"sticky":false,"featured":false,"categories":[{"name":"Conf\u00e9rence","slug":"conference","term_group":0,"term_taxonomy_id":9,"taxonomy":"tribe_events_cat","description":"","parent":0,"count":51,"filter":"raw","id":9,"urls":{"self":"https:\/\/www.fondationculturellebrebeuf.org\/index.php\/wp-json\/tribe\/events\/v1\/categories\/9","collection":"https:\/\/www.fondationculturellebrebeuf.org\/index.php\/wp-json\/tribe\/events\/v1\/categories"}}],"tags":[],"venue":{"id":222,"author":"2","status":"publish","date":"2024-03-14 18:58:14","date_utc":"2024-03-14 18:58:14","modified":"2024-12-29 16:06:09","modified_utc":"2024-12-29 20:06:09","url":"https:\/\/www.fondationculturellebrebeuf.org\/index.php\/lieu\/salle-jacques-maurice\/","venue":"Salle Jacques-Maurice","slug":"salle-jacques-maurice","json_ld":{"@type":"Place","name":"Salle Jacques-Maurice","description":"","url":"","address":{"@type":"PostalAddress"},"telephone":"","sameAs":""},"show_map":false,"show_map_link":false,"global_id":"www.fondationculturellebrebeuf.org?id=222","global_id_lineage":["www.fondationculturellebrebeuf.org?id=222"]},"organizer":[],"custom_fields":[],"json_ld":{"@context":"http:\/\/schema.org","@type":"Event","name":"Conf\u00e9rence publique du coll\u00e8ge &#8211; Alain Roy sur Donald Trump","description":"&lt;p&gt;Cette conf\u00e9rence publique du coll\u00e8ge est ouverte \u00e0 toutes et tous. Elle se tiendra \u00e0 la salle Jacques-Maurice le mercredi, 24 septembre de 12 h 50 \u00e0 14 h 15. [&hellip;]&lt;\/p&gt;\\n","url":"https:\/\/www.fondationculturellebrebeuf.org\/index.php\/event\/conference-publique-du-college-alain-roy-sur-donald-trump\/","eventAttendanceMode":"https:\/\/schema.org\/OfflineEventAttendanceMode","eventStatus":"https:\/\/schema.org\/EventScheduled","startDate":"2025-09-24T12:50:00-05:00","endDate":"2025-09-24T14:15:00-05:00","location":{"@type":"Place","name":"Salle Jacques-Maurice","description":"","url":"","address":{"@type":"PostalAddress"},"telephone":"","sameAs":""},"performer":"Organization"},"ticketed":false}